{"id":848,"date":"2018-09-15T14:46:11","date_gmt":"2018-09-15T12:46:11","guid":{"rendered":"http:\/\/www.cristianbuda.com\/acacia\/fr\/?p=848"},"modified":"2026-09-02T12:15:09","modified_gmt":"2026-09-02T10:15:09","slug":"special-semaines-cyclistes-2","status":"publish","type":"post","link":"https:\/\/www.hotelacacia.it\/fr\/non-classifiee\/special-semaines-cyclistes-2\/","title":{"rendered":"Sp\u00e9cial Semaines de v\u00e9lo 2026"},"content":{"rendered":"<div class=\"wpb-content-wrapper\"><p>[vc_row][vc_column][vc_column_text]Formule \u00ab\u00a0vacances \u00e0 v\u00e9lo\u00a0\u00bb \u00e0 l&rsquo;H\u00f4tel Acacia Cesenatico est adapt\u00e9 aux besoins des cyclistes. D\u00e9couvrez en d\u00e9tail notre proposition (prix par pers., min 7 jours).[\/vc_column_text][\/vc_column][\/vc_row][vc_row css=\u00a0\u00bb.vc_custom_1760344888230{padding-top: 15px !important;}\u00a0\u00bb][vc_column width=\u00a0\u00bb1\/3&Prime; css=\u00a0\u00bb.vc_custom_1760345002629{margin-bottom: 55px !important;}\u00a0\u00bb][vc_text_separator title=\u00a0\u00bbTarifs 2026&Prime; i_icon_fontawesome=\u00a0\u00bbfas fa-calendar-alt\u00a0\u00bb i_color=\u00a0\u00bbgrey\u00a0\u00bb i_background_style=\u00a0\u00bbrounded\u00a0\u00bb i_background_color=\u00a0\u00bbblack\u00a0\u00bb color=\u00a0\u00bbblack\u00a0\u00bb add_icon=\u00a0\u00bbtrue\u00a0\u00bb][vc_column_text]<\/p>\n<p style=\"text-align: center;\">7 jours pension compl\u00e8te+ boissons au repas<\/p>\n<p>[\/vc_column_text]<div class=\"pricing-box  pricing-box-featured pricing-box-table\"><div class=\"plan-header\"><h2 class=\"title \">P\u00e9riodes ``A``<\/h2><div class=\"price\"><sup class=\"currency\">\u20ac<\/sup><span>330<\/span><sup class=\"period\"><\/sup><\/div><hr class=\"hr_color\" \/><\/div><div class=\"plan-inside\"><span class=\"pi-content\"><\/p>\n<ul>\n<li>AVRIL-MAI: du 18.04 au 16.05<\/li>\n<\/ul>\n<p><\/span><\/div><div class=\"plan-footer\"><a href=\"#modulorichiesta\" class=\"button button_theme \"  title=\"Demander une offre\"><span class=\"button_label\">Demander une offre<\/span><\/a><\/div><\/div>\n<div class=\"pricing-box  pricing-box-featured pricing-box-table\"><div class=\"plan-header\"><h2 class=\"title \">P\u00e9riode ``B``<\/h2><div class=\"price\"><sup class=\"currency\">\u20ac<\/sup><span>348<\/span><sup class=\"period\"><\/sup><\/div><hr class=\"hr_color\" \/><\/div><div class=\"plan-inside\"><span class=\"pi-content\"><\/p>\n<ul>\n<li>MAI du 16.05 jusqu&rsquo;au 23.05<\/li>\n<\/ul>\n<p><\/span><\/div><div class=\"plan-footer\"><a href=\"#modulorichiesta\" class=\"button button_theme \"  title=\"Demander une offre\"><span class=\"button_label\">Demander une offre<\/span><\/a><\/div><\/div>\n[\/vc_column][vc_column width=\u00a0\u00bb1\/3&Prime; css=\u00a0\u00bb.vc_custom_1760345007794{margin-top: -35px !important;background-color: rgba(0,0,0,0.16) !important;*background-color: rgb(0,0,0) !important;}\u00a0\u00bb][vc_text_separator title=\u00a0\u00bbSemaines Sp\u00e9ciales\u00a0\u00bb i_icon_fontawesome=\u00a0\u00bbfas fa-calendar-alt\u00a0\u00bb i_color=\u00a0\u00bbgrey\u00a0\u00bb i_background_style=\u00a0\u00bbrounded\u00a0\u00bb i_background_color=\u00a0\u00bbblack\u00a0\u00bb color=\u00a0\u00bbblack\u00a0\u00bb add_icon=\u00a0\u00bbtrue\u00a0\u00bb]<div class=\"pricing-box  pricing-box-featured pricing-box-table\"><div class=\"plan-header\"><h2 class=\"title \">Sp\u00e9cial Cyclotourisme avec Plage<\/h2><div class=\"price\"><sup class=\"currency\">\u20ac<\/sup><span>378<\/span><sup class=\"period\"><\/sup><\/div><hr class=\"hr_color\" \/><\/div><div class=\"plan-inside\"><span class=\"pi-content\">MAI-JUIN du 23.05 au 06.06<br \/>\n<strong>Plage incluse dans le prix!<\/strong><\/span><\/div><div class=\"plan-footer\"><a href=\"#modulorichiesta\" class=\"button button_theme \"  title=\"Demander une offre\"><span class=\"button_label\">Demander une offre<\/span><\/a><\/div><\/div>\n<div class=\"pricing-box  pricing-box-featured pricing-box-table\"><div class=\"plan-header\"><h2 class=\"title \">Sp\u00e9cial Cyclotourisme avec Plage<\/h2><div class=\"price\"><sup class=\"currency\">\u20ac<\/sup><span>330<\/span><sup class=\"period\"><\/sup><\/div><hr class=\"hr_color\" \/><\/div><div class=\"plan-inside\"><span class=\"pi-content\">SEPTEMBRE: du 12.09 au 19.09<br \/>\n<strong>Plage incluse dans le prix!<\/strong><\/span><\/div><div class=\"plan-footer\"><a href=\"#modulorichiesta\" class=\"button button_theme \"  title=\"Demander une offre\"><span class=\"button_label\">Demander une offre<\/span><\/a><\/div><\/div>\n[\/vc_column][vc_column width=\u00a0\u00bb1\/3&Prime;][vc_text_separator title=\u00a0\u00bbOffres\u00a0\u00bb i_icon_fontawesome=\u00a0\u00bbfas fa-percent\u00a0\u00bb i_color=\u00a0\u00bbgrey\u00a0\u00bb i_background_style=\u00a0\u00bbrounded\u00a0\u00bb i_background_color=\u00a0\u00bbblack\u00a0\u00bb color=\u00a0\u00bbblack\u00a0\u00bb add_icon=\u00a0\u00bbtrue\u00a0\u00bb][vc_message message_box_style=\u00a0\u00bbsolid-icon\u00a0\u00bb message_box_color=\u00a0\u00bbturquoise\u00a0\u00bb css=\u00a0\u00bb.vc_custom_1770113841166{background-color: #ffffff !important;}\u00a0\u00bb]<strong>OFFRES GROUPES<\/strong><br \/>\n1 PERSONNE GRATUIT sur 20 personnes[\/vc_message][vc_single_image image=\u00a0\u00bb3151&Prime; img_size=\u00a0\u00bb400&#215;300&Prime; alignment=\u00a0\u00bbcenter\u00a0\u00bb style=\u00a0\u00bbvc_box_rounded\u00a0\u00bb][\/vc_column][\/vc_row][vc_row css=\u00a0\u00bb.vc_custom_1634576223459{background-position: center !important;background-repeat: no-repeat !important;background-size: cover !important;}\u00a0\u00bb][vc_column width=\u00a0\u00bb2\/3&Prime; offset=\u00a0\u00bbvc_col-sm-offset-2&Prime;][vc_row_inner disable_element=\u00a0\u00bbyes\u00a0\u00bb][vc_column_inner]<div class=\"pricing-box  pricing-box-featured pricing-box-table\"><div class=\"plan-header\"><h2 class=\"title \">Sp\u00e9cial AVRIL<\/h2><div class=\"price\"><sup class=\"currency\">\u20ac<\/sup><span>325<\/span><sup class=\"period\"><\/sup><\/div><hr class=\"hr_color\" \/><\/div><div class=\"plan-inside\"><span class=\"pi-content\">du 11.04 au 18.04<\/span><\/div><div class=\"plan-footer\"><a href=\"#modulorichiesta\" class=\"button button_theme \"  title=\"Demander une offre\"><span class=\"button_label\">Demander une offre<\/span><\/a><\/div><\/div>\n[vc_message message_box_style=\u00a0\u00bbsolid-icon\u00a0\u00bb message_box_color=\u00a0\u00bbturquoise\u00a0\u00bb css=\u00a0\u00bb.vc_custom_1697737573716{background-color: #ffffff !important;}\u00a0\u00bb]<strong>R\u00e9servation \u00e0 l&rsquo;avance (jusqu&rsquo;au 30.11.2023)<\/strong><\/p>\n<p>3% de remise a par personne*<br \/>\n* = hors periode \u00ab\u00a0B\u00a0\u00bb (du 3 au 10 mai)[\/vc_message][\/vc_column_inner][\/vc_row_inner][\/vc_column][\/vc_row][vc_row][vc_column width=\u00a0\u00bb1\/2&Prime; css=\u00a0\u00bb.vc_custom_1447351764853{padding-right: 20px !important;padding-left: 20px !important;}\u00a0\u00bb][vc_row_inner el_class=\u00a0\u00bbbox-tratteggio\u00a0\u00bb][vc_column_inner][vc_column_text]<\/p>\n<h4>Services comprises<\/h4>\n<p>[\/vc_column_text][vc_column_text]<\/p>\n<ul class=\"list_check\">\n<li>Chambres avec climatisation (froid\/chaud), salle de bain\/douche, TV satellite, coffre-fort, t\u00e9l\u00e9phone, s\u00e8che-cheveux, connexion Wifi<\/li>\n<li>Petit-d\u00e9jeuner copieux, repas midi et soir avec menu a choix, buffet des salades et hors d\u2019hoevre<\/li>\n<li>Boissons au repas ( vin, eau min\u00e9ral)<\/li>\n<li>D\u00e9p\u00f4t ferm\u00e9 pour les v\u00e9los<\/li>\n<li>Sorties avec guide cycliste<\/li>\n<li>Cartes de route avec circuits<\/li>\n<li>Lavage v\u00eatements techniques<\/li>\n<li>Piscine avec solarium, sauna, salle de massages, salle de sport<\/li>\n<li>Parking priv\u00e9<\/li>\n<\/ul>\n<p>[\/vc_column_text][\/vc_column_inner][\/vc_row_inner][\/vc_column][vc_column width=\u00a0\u00bb1\/2&Prime; css=\u00a0\u00bb.vc_custom_1447351772899{padding-right: 20px !important;padding-left: 20px !important;}\u00a0\u00bb][vc_row_inner el_class=\u00a0\u00bbbox-tratteggio\u00a0\u00bb][vc_column_inner][vc_column_text]<\/p>\n<h4>R\u00e9ductions<\/h4>\n<p>[\/vc_column_text][vc_column_text]<\/p>\n<ul class=\"list_star\">\n<li>1 PERSONNE GRATUIT sur 20 personnes<\/li>\n<\/ul>\n<p>[\/vc_column_text][\/vc_column_inner][\/vc_row_inner][vc_row_inner el_class=\u00a0\u00bbbox-tratteggio\u00a0\u00bb][vc_column_inner][vc_column_text]<\/p>\n<h4>Suppl\u00e9ments<\/h4>\n<p>[\/vc_column_text][vc_column_text]<\/p>\n<ul class=\"list_star\">\n<li><span style=\"line-height: 1.5;\">Chambre individuelle: + 15%<\/span><\/li>\n<\/ul>\n<p>[\/vc_column_text][\/vc_column_inner][\/vc_row_inner][\/vc_column][\/vc_row]<\/p>\n<\/div>","protected":false},"excerpt":{"rendered":"<p>Dans les mois de Avril, Mai et Septembre. Compris services sp\u00e9cifiques pour les cyclistes.<\/p>\n","protected":false},"author":1,"featured_media":3475,"comment_status":"closed","ping_status":"closed","sticky":false,"template":"","format":"standard","meta":{"_acf_changed":false,"footnotes":""},"categories":[3],"tags":[27],"class_list":["post-848","post","type-post","status-publish","format-standard","has-post-thumbnail","hentry","category-non-classifiee","tag-offres-pour-les-cyclistes"],"acf":[],"yoast_head":"<!-- This site is optimized with the Yoast SEO plugin v28.4 - https:\/\/yoast.com\/product\/yoast-seo-wordpress\/ -->\n<title>Sp\u00e9cial Semaines de v\u00e9lo 2026 - Acacia Hotel Cesenatico<\/title>\n<meta name=\"robots\" content=\"index, follow, max-snippet:-1, max-image-preview:large, max-video-preview:-1\" \/>\n<link rel=\"canonical\" href=\"https:\/\/www.hotelacacia.it\/fr\/non-classifiee\/special-semaines-cyclistes-2\/\" \/>\n<meta property=\"og:locale\" content=\"fr_FR\" \/>\n<meta property=\"og:type\" content=\"article\" \/>\n<meta property=\"og:title\" content=\"Vacances en v\u00e9lo 2021 \u00e0 partir de \u20ac.269\" \/>\n<meta property=\"og:description\" content=\"7 jours pension compl\u00e8te + boissons + excursions avec guide\" \/>\n<meta property=\"og:url\" content=\"https:\/\/www.hotelacacia.it\/fr\/non-classifiee\/special-semaines-cyclistes-2\/\" \/>\n<meta property=\"og:site_name\" content=\"Acacia Hotel Cesenatico\" \/>\n<meta property=\"article:published_time\" content=\"2018-09-15T12:46:11+00:00\" \/>\n<meta property=\"article:modified_time\" content=\"2026-09-02T10:15:09+00:00\" \/>\n<meta property=\"og:image\" content=\"https:\/\/www.hotelacacia.it\/wp-content\/uploads\/2018\/01\/cycling-1938927_1280.jpg\" \/>\n\t<meta property=\"og:image:width\" content=\"1280\" \/>\n\t<meta property=\"og:image:height\" content=\"883\" \/>\n\t<meta property=\"og:image:type\" content=\"image\/jpeg\" \/>\n<meta name=\"author\" content=\"hotelacacia\" \/>\n<meta name=\"twitter:card\" content=\"summary_large_image\" \/>\n<meta name=\"twitter:label1\" content=\"\u00c9crit par\" \/>\n\t<meta name=\"twitter:data1\" content=\"hotelacacia\" \/>\n\t<meta name=\"twitter:label2\" content=\"Dur\u00e9e de lecture estim\u00e9e\" \/>\n\t<meta name=\"twitter:data2\" content=\"3 minutes\" \/>\n<script type=\"application\/ld+json\" class=\"yoast-schema-graph\">{\"@context\":\"https:\\\/\\\/schema.org\",\"@graph\":[{\"@type\":\"Article\",\"@id\":\"https:\\\/\\\/www.hotelacacia.it\\\/fr\\\/non-classifiee\\\/special-semaines-cyclistes-2\\\/#article\",\"isPartOf\":{\"@id\":\"https:\\\/\\\/www.hotelacacia.it\\\/fr\\\/non-classifiee\\\/special-semaines-cyclistes-2\\\/\"},\"author\":{\"name\":\"hotelacacia\",\"@id\":\"https:\\\/\\\/www.hotelacacia.it\\\/#\\\/schema\\\/person\\\/e338422f1d6d5b4de81357f49eb925fc\"},\"headline\":\"Sp\u00e9cial Semaines de v\u00e9lo 2026\",\"datePublished\":\"2018-09-15T12:46:11+00:00\",\"dateModified\":\"2026-09-02T10:15:09+00:00\",\"mainEntityOfPage\":{\"@id\":\"https:\\\/\\\/www.hotelacacia.it\\\/fr\\\/non-classifiee\\\/special-semaines-cyclistes-2\\\/\"},\"wordCount\":626,\"publisher\":{\"@id\":\"https:\\\/\\\/www.hotelacacia.it\\\/#organization\"},\"image\":{\"@id\":\"https:\\\/\\\/www.hotelacacia.it\\\/fr\\\/non-classifiee\\\/special-semaines-cyclistes-2\\\/#primaryimage\"},\"thumbnailUrl\":\"https:\\\/\\\/www.hotelacacia.it\\\/wp-content\\\/uploads\\\/2023\\\/02\\\/bike-hotel-1.jpg\",\"keywords\":[\"Offres pour les cyclistes\"],\"articleSection\":[\"Non classifi\u00e9(e)\"],\"inLanguage\":\"fr-FR\"},{\"@type\":\"WebPage\",\"@id\":\"https:\\\/\\\/www.hotelacacia.it\\\/fr\\\/non-classifiee\\\/special-semaines-cyclistes-2\\\/\",\"url\":\"https:\\\/\\\/www.hotelacacia.it\\\/fr\\\/non-classifiee\\\/special-semaines-cyclistes-2\\\/\",\"name\":\"Sp\u00e9cial Semaines de v\u00e9lo 2026 - Acacia Hotel Cesenatico\",\"isPartOf\":{\"@id\":\"https:\\\/\\\/www.hotelacacia.it\\\/#website\"},\"primaryImageOfPage\":{\"@id\":\"https:\\\/\\\/www.hotelacacia.it\\\/fr\\\/non-classifiee\\\/special-semaines-cyclistes-2\\\/#primaryimage\"},\"image\":{\"@id\":\"https:\\\/\\\/www.hotelacacia.it\\\/fr\\\/non-classifiee\\\/special-semaines-cyclistes-2\\\/#primaryimage\"},\"thumbnailUrl\":\"https:\\\/\\\/www.hotelacacia.it\\\/wp-content\\\/uploads\\\/2023\\\/02\\\/bike-hotel-1.jpg\",\"datePublished\":\"2018-09-15T12:46:11+00:00\",\"dateModified\":\"2026-09-02T10:15:09+00:00\",\"breadcrumb\":{\"@id\":\"https:\\\/\\\/www.hotelacacia.it\\\/fr\\\/non-classifiee\\\/special-semaines-cyclistes-2\\\/#breadcrumb\"},\"inLanguage\":\"fr-FR\",\"potentialAction\":[{\"@type\":\"ReadAction\",\"target\":[\"https:\\\/\\\/www.hotelacacia.it\\\/fr\\\/non-classifiee\\\/special-semaines-cyclistes-2\\\/\"]}]},{\"@type\":\"ImageObject\",\"inLanguage\":\"fr-FR\",\"@id\":\"https:\\\/\\\/www.hotelacacia.it\\\/fr\\\/non-classifiee\\\/special-semaines-cyclistes-2\\\/#primaryimage\",\"url\":\"https:\\\/\\\/www.hotelacacia.it\\\/wp-content\\\/uploads\\\/2023\\\/02\\\/bike-hotel-1.jpg\",\"contentUrl\":\"https:\\\/\\\/www.hotelacacia.it\\\/wp-content\\\/uploads\\\/2023\\\/02\\\/bike-hotel-1.jpg\",\"width\":1640,\"height\":924},{\"@type\":\"BreadcrumbList\",\"@id\":\"https:\\\/\\\/www.hotelacacia.it\\\/fr\\\/non-classifiee\\\/special-semaines-cyclistes-2\\\/#breadcrumb\",\"itemListElement\":[{\"@type\":\"ListItem\",\"position\":1,\"name\":\"Home\",\"item\":\"https:\\\/\\\/www.hotelacacia.it\\\/fr\\\/\"},{\"@type\":\"ListItem\",\"position\":2,\"name\":\"Sp\u00e9cial Semaines de v\u00e9lo 2026\"}]},{\"@type\":\"WebSite\",\"@id\":\"https:\\\/\\\/www.hotelacacia.it\\\/#website\",\"url\":\"https:\\\/\\\/www.hotelacacia.it\\\/\",\"name\":\"Acacia Hotel Cesenatico\",\"description\":\"Hotel 3 stelle a Cesenatico\",\"publisher\":{\"@id\":\"https:\\\/\\\/www.hotelacacia.it\\\/#organization\"},\"potentialAction\":[{\"@type\":\"SearchAction\",\"target\":{\"@type\":\"EntryPoint\",\"urlTemplate\":\"https:\\\/\\\/www.hotelacacia.it\\\/?s={search_term_string}\"},\"query-input\":{\"@type\":\"PropertyValueSpecification\",\"valueRequired\":true,\"valueName\":\"search_term_string\"}}],\"inLanguage\":\"fr-FR\"},{\"@type\":\"Organization\",\"@id\":\"https:\\\/\\\/www.hotelacacia.it\\\/#organization\",\"name\":\"Hotel Acacia Cesenatico\",\"url\":\"https:\\\/\\\/www.hotelacacia.it\\\/\",\"logo\":{\"@type\":\"ImageObject\",\"inLanguage\":\"fr-FR\",\"@id\":\"https:\\\/\\\/www.hotelacacia.it\\\/#\\\/schema\\\/logo\\\/image\\\/\",\"url\":\"https:\\\/\\\/www.hotelacacia.it\\\/acacia\\\/wp-content\\\/uploads\\\/2015\\\/11\\\/logo-hotel-acacia-quadrato.png\",\"contentUrl\":\"https:\\\/\\\/www.hotelacacia.it\\\/acacia\\\/wp-content\\\/uploads\\\/2015\\\/11\\\/logo-hotel-acacia-quadrato.png\",\"width\":230,\"height\":230,\"caption\":\"Hotel Acacia Cesenatico\"},\"image\":{\"@id\":\"https:\\\/\\\/www.hotelacacia.it\\\/#\\\/schema\\\/logo\\\/image\\\/\"}},{\"@type\":\"Person\",\"@id\":\"https:\\\/\\\/www.hotelacacia.it\\\/#\\\/schema\\\/person\\\/e338422f1d6d5b4de81357f49eb925fc\",\"name\":\"hotelacacia\",\"image\":{\"@type\":\"ImageObject\",\"inLanguage\":\"fr-FR\",\"@id\":\"https:\\\/\\\/secure.gravatar.com\\\/avatar\\\/ba22bc83a6c184751c64dc24220bd0265121e4b79bea4cb1dab411a2d4b0aee8?s=96&d=mm&r=g\",\"url\":\"https:\\\/\\\/secure.gravatar.com\\\/avatar\\\/ba22bc83a6c184751c64dc24220bd0265121e4b79bea4cb1dab411a2d4b0aee8?s=96&d=mm&r=g\",\"contentUrl\":\"https:\\\/\\\/secure.gravatar.com\\\/avatar\\\/ba22bc83a6c184751c64dc24220bd0265121e4b79bea4cb1dab411a2d4b0aee8?s=96&d=mm&r=g\",\"caption\":\"hotelacacia\"}}]}<\/script>\n<!-- \/ Yoast SEO plugin. -->","yoast_head_json":{"title":"Sp\u00e9cial Semaines de v\u00e9lo 2026 - Acacia Hotel Cesenatico","robots":{"index":"index","follow":"follow","max-snippet":"max-snippet:-1","max-image-preview":"max-image-preview:large","max-video-preview":"max-video-preview:-1"},"canonical":"https:\/\/www.hotelacacia.it\/fr\/non-classifiee\/special-semaines-cyclistes-2\/","og_locale":"fr_FR","og_type":"article","og_title":"Vacances en v\u00e9lo 2021 \u00e0 partir de \u20ac.269","og_description":"7 jours pension compl\u00e8te + boissons + excursions avec guide","og_url":"https:\/\/www.hotelacacia.it\/fr\/non-classifiee\/special-semaines-cyclistes-2\/","og_site_name":"Acacia Hotel Cesenatico","article_published_time":"2018-09-15T12:46:11+00:00","article_modified_time":"2026-09-02T10:15:09+00:00","og_image":[{"width":1280,"height":883,"url":"https:\/\/www.hotelacacia.it\/wp-content\/uploads\/2018\/01\/cycling-1938927_1280.jpg","type":"image\/jpeg"}],"author":"hotelacacia","twitter_card":"summary_large_image","twitter_misc":{"\u00c9crit par":"hotelacacia","Dur\u00e9e de lecture estim\u00e9e":"3 minutes"},"schema":{"@context":"https:\/\/schema.org","@graph":[{"@type":"Article","@id":"https:\/\/www.hotelacacia.it\/fr\/non-classifiee\/special-semaines-cyclistes-2\/#article","isPartOf":{"@id":"https:\/\/www.hotelacacia.it\/fr\/non-classifiee\/special-semaines-cyclistes-2\/"},"author":{"name":"hotelacacia","@id":"https:\/\/www.hotelacacia.it\/#\/schema\/person\/e338422f1d6d5b4de81357f49eb925fc"},"headline":"Sp\u00e9cial Semaines de v\u00e9lo 2026","datePublished":"2018-09-15T12:46:11+00:00","dateModified":"2026-09-02T10:15:09+00:00","mainEntityOfPage":{"@id":"https:\/\/www.hotelacacia.it\/fr\/non-classifiee\/special-semaines-cyclistes-2\/"},"wordCount":626,"publisher":{"@id":"https:\/\/www.hotelacacia.it\/#organization"},"image":{"@id":"https:\/\/www.hotelacacia.it\/fr\/non-classifiee\/special-semaines-cyclistes-2\/#primaryimage"},"thumbnailUrl":"https:\/\/www.hotelacacia.it\/wp-content\/uploads\/2023\/02\/bike-hotel-1.jpg","keywords":["Offres pour les cyclistes"],"articleSection":["Non classifi\u00e9(e)"],"inLanguage":"fr-FR"},{"@type":"WebPage","@id":"https:\/\/www.hotelacacia.it\/fr\/non-classifiee\/special-semaines-cyclistes-2\/","url":"https:\/\/www.hotelacacia.it\/fr\/non-classifiee\/special-semaines-cyclistes-2\/","name":"Sp\u00e9cial Semaines de v\u00e9lo 2026 - Acacia Hotel Cesenatico","isPartOf":{"@id":"https:\/\/www.hotelacacia.it\/#website"},"primaryImageOfPage":{"@id":"https:\/\/www.hotelacacia.it\/fr\/non-classifiee\/special-semaines-cyclistes-2\/#primaryimage"},"image":{"@id":"https:\/\/www.hotelacacia.it\/fr\/non-classifiee\/special-semaines-cyclistes-2\/#primaryimage"},"thumbnailUrl":"https:\/\/www.hotelacacia.it\/wp-content\/uploads\/2023\/02\/bike-hotel-1.jpg","datePublished":"2018-09-15T12:46:11+00:00","dateModified":"2026-09-02T10:15:09+00:00","breadcrumb":{"@id":"https:\/\/www.hotelacacia.it\/fr\/non-classifiee\/special-semaines-cyclistes-2\/#breadcrumb"},"inLanguage":"fr-FR","potentialAction":[{"@type":"ReadAction","target":["https:\/\/www.hotelacacia.it\/fr\/non-classifiee\/special-semaines-cyclistes-2\/"]}]},{"@type":"ImageObject","inLanguage":"fr-FR","@id":"https:\/\/www.hotelacacia.it\/fr\/non-classifiee\/special-semaines-cyclistes-2\/#primaryimage","url":"https:\/\/www.hotelacacia.it\/wp-content\/uploads\/2023\/02\/bike-hotel-1.jpg","contentUrl":"https:\/\/www.hotelacacia.it\/wp-content\/uploads\/2023\/02\/bike-hotel-1.jpg","width":1640,"height":924},{"@type":"BreadcrumbList","@id":"https:\/\/www.hotelacacia.it\/fr\/non-classifiee\/special-semaines-cyclistes-2\/#breadcrumb","itemListElement":[{"@type":"ListItem","position":1,"name":"Home","item":"https:\/\/www.hotelacacia.it\/fr\/"},{"@type":"ListItem","position":2,"name":"Sp\u00e9cial Semaines de v\u00e9lo 2026"}]},{"@type":"WebSite","@id":"https:\/\/www.hotelacacia.it\/#website","url":"https:\/\/www.hotelacacia.it\/","name":"Acacia Hotel Cesenatico","description":"Hotel 3 stelle a Cesenatico","publisher":{"@id":"https:\/\/www.hotelacacia.it\/#organization"},"potentialAction":[{"@type":"SearchAction","target":{"@type":"EntryPoint","urlTemplate":"https:\/\/www.hotelacacia.it\/?s={search_term_string}"},"query-input":{"@type":"PropertyValueSpecification","valueRequired":true,"valueName":"search_term_string"}}],"inLanguage":"fr-FR"},{"@type":"Organization","@id":"https:\/\/www.hotelacacia.it\/#organization","name":"Hotel Acacia Cesenatico","url":"https:\/\/www.hotelacacia.it\/","logo":{"@type":"ImageObject","inLanguage":"fr-FR","@id":"https:\/\/www.hotelacacia.it\/#\/schema\/logo\/image\/","url":"https:\/\/www.hotelacacia.it\/acacia\/wp-content\/uploads\/2015\/11\/logo-hotel-acacia-quadrato.png","contentUrl":"https:\/\/www.hotelacacia.it\/acacia\/wp-content\/uploads\/2015\/11\/logo-hotel-acacia-quadrato.png","width":230,"height":230,"caption":"Hotel Acacia Cesenatico"},"image":{"@id":"https:\/\/www.hotelacacia.it\/#\/schema\/logo\/image\/"}},{"@type":"Person","@id":"https:\/\/www.hotelacacia.it\/#\/schema\/person\/e338422f1d6d5b4de81357f49eb925fc","name":"hotelacacia","image":{"@type":"ImageObject","inLanguage":"fr-FR","@id":"https:\/\/secure.gravatar.com\/avatar\/ba22bc83a6c184751c64dc24220bd0265121e4b79bea4cb1dab411a2d4b0aee8?s=96&d=mm&r=g","url":"https:\/\/secure.gravatar.com\/avatar\/ba22bc83a6c184751c64dc24220bd0265121e4b79bea4cb1dab411a2d4b0aee8?s=96&d=mm&r=g","contentUrl":"https:\/\/secure.gravatar.com\/avatar\/ba22bc83a6c184751c64dc24220bd0265121e4b79bea4cb1dab411a2d4b0aee8?s=96&d=mm&r=g","caption":"hotelacacia"}}]}},"publishpress_future_action":{"enabled":true,"date":"2026-09-20 10:38:00","action":"change-status","newStatus":"draft","terms":[0],"taxonomy":"category","extraData":[]},"publishpress_future_workflow_manual_trigger":{"enabledWorkflows":[]},"_links":{"self":[{"href":"https:\/\/www.hotelacacia.it\/fr\/wp-json\/wp\/v2\/posts\/848","targetHints":{"allow":["GET"]}}],"collection":[{"href":"https:\/\/www.hotelacacia.it\/fr\/wp-json\/wp\/v2\/posts"}],"about":[{"href":"https:\/\/www.hotelacacia.it\/fr\/wp-json\/wp\/v2\/types\/post"}],"author":[{"embeddable":true,"href":"https:\/\/www.hotelacacia.it\/fr\/wp-json\/wp\/v2\/users\/1"}],"replies":[{"embeddable":true,"href":"https:\/\/www.hotelacacia.it\/fr\/wp-json\/wp\/v2\/comments?post=848"}],"version-history":[{"count":82,"href":"https:\/\/www.hotelacacia.it\/fr\/wp-json\/wp\/v2\/posts\/848\/revisions"}],"predecessor-version":[{"id":4726,"href":"https:\/\/www.hotelacacia.it\/fr\/wp-json\/wp\/v2\/posts\/848\/revisions\/4726"}],"wp:featuredmedia":[{"embeddable":true,"href":"https:\/\/www.hotelacacia.it\/fr\/wp-json\/wp\/v2\/media\/3475"}],"wp:attachment":[{"href":"https:\/\/www.hotelacacia.it\/fr\/wp-json\/wp\/v2\/media?parent=848"}],"wp:term":[{"taxonomy":"category","embeddable":true,"href":"https:\/\/www.hotelacacia.it\/fr\/wp-json\/wp\/v2\/categories?post=848"},{"taxonomy":"post_tag","embeddable":true,"href":"https:\/\/www.hotelacacia.it\/fr\/wp-json\/wp\/v2\/tags?post=848"}],"curies":[{"name":"wp","href":"https:\/\/api.w.org\/{rel}","templated":true}]}}