{"id":4748,"date":"2026-05-20T11:42:39","date_gmt":"2026-05-20T09:42:39","guid":{"rendered":"https:\/\/www.hotelacacia.it\/?p=4748"},"modified":"2026-05-20T11:55:51","modified_gmt":"2026-05-20T09:55:51","slug":"cycloturisme-plage-septembre","status":"publish","type":"post","link":"https:\/\/www.hotelacacia.it\/fr\/offres\/cycloturisme-plage-septembre\/","title":{"rendered":"Cycloturisme + Plage &#8211; Sp\u00e9cial Septembre"},"content":{"rendered":"<div class=\"wpb-content-wrapper\"><p>[vc_row][vc_column width=\u00a0\u00bb2\/5&Prime;][vc_column_text]L&rsquo;h\u00f4tel Acacia avec Antonella, ses fils et de l&rsquo;\u00e9quipage offre un cadre joliment familiers un service riche qui r\u00e9pond aux besoins de ses clients sportifs.[\/vc_column_text][vc_single_image image=\u00a0\u00bb2626&Prime; img_size=\u00a0\u00bbfull\u00a0\u00bb][\/vc_column][vc_column width=\u00a0\u00bb3\/5&Prime;]<div class=\"pricing-box  pricing-box-featured pricing-box-table\"><div class=\"plan-header\"><h2 class=\"title \">7 jours<\/h2><div class=\"price\"><sup class=\"currency\">\u20ac<\/sup><span>330<\/span><sup class=\"period\">\/Personne<\/sup><\/div><hr class=\"hr_color\" \/><p class=\"subtitle\"><big>PC + Boisson + Plage Serv.<\/big><\/p><\/div><div class=\"plan-inside\"><span class=\"pi-content\"><\/p>\n<ul>\n<li><b>SEPTEMBRE<\/b> du 12 au 19\/09.<\/li>\n<\/ul>\n<p><\/span><\/div><\/div>\n[vc_column_text]<em><strong>Attention<\/strong>: Cette offre ne peut \u00eatre jumel\u00e9e \u00e0 aucune autre promotion en cours<\/em>[\/vc_column_text][\/vc_column][\/vc_row][vc_row][vc_column width=\u00a0\u00bb1\/2&Prime; css=\u00a0\u00bb.vc_custom_1447351764853{padding-right: 20px !important;padding-left: 20px !important;}\u00a0\u00bb][vc_row_inner el_class=\u00a0\u00bbbox-tratteggio\u00a0\u00bb][vc_column_inner][vc_column_text]<\/p>\n<h4>Services comprises<\/h4>\n<p>[\/vc_column_text][vc_column_text]<\/p>\n<ul class=\"list_check\">\n<li>Riche petit d\u00e9jeuner a buffet<\/li>\n<li>D\u00e9jeuner et diner avec menu a choix, buffet des salades et hors d\u2019hoevre<\/li>\n<li>Boissons au repas<\/li>\n<li>Garage ferm\u00e9 pour les v\u00e9los<\/li>\n<li>Informations et carnet des routes de cycloturisme<\/li>\n<li>Sorties avec accompagnateur<\/li>\n<li>Utilisation de notre salle de sport, sauna, sale de massages<\/li>\n<li>WiFi Sistem<\/li>\n<li>Parking priv\u00e9<\/li>\n<li>Service plage avec 1 parasol et 2 chaises longues\/ par chambre<\/li>\n<\/ul>\n<p>[\/vc_column_text][\/vc_column_inner][\/vc_row_inner][\/vc_column][vc_column width=\u00a0\u00bb1\/2&Prime; css=\u00a0\u00bb.vc_custom_1447351772899{padding-right: 20px !important;padding-left: 20px !important;}\u00a0\u00bb][vc_row_inner el_class=\u00a0\u00bbbox-tratteggio\u00a0\u00bb][vc_column_inner][vc_column_text]<\/p>\n<h4>R\u00e9ductions<\/h4>\n<p>[\/vc_column_text][vc_column_text]<\/p>\n<ul class=\"list_star\">\n<li>1 GRATUIT sur 20 personnes<\/li>\n<li><em>(no remise pr\u00e9-r\u00e9servation)<\/em><\/li>\n<\/ul>\n<p>[\/vc_column_text][\/vc_column_inner][\/vc_row_inner][vc_row_inner el_class=\u00a0\u00bbbox-tratteggio\u00a0\u00bb][vc_column_inner][vc_column_text]<\/p>\n<h4>Suppl\u00e9ments<\/h4>\n<p>[\/vc_column_text][vc_column_text]<\/p>\n<ul class=\"list_star\">\n<li><span style=\"line-height: 1.5;\">Chambre individuelle: +\u00a0\u20ac8,00 par jour\/personne<\/span><\/li>\n<\/ul>\n<p>[\/vc_column_text][\/vc_column_inner][\/vc_row_inner][\/vc_column][\/vc_row]<\/p>\n<\/div>","protected":false},"excerpt":{"rendered":"<p>du 12 au 19 Septembre: 7 jours cyclotourisme en pension compl\u00e8te + service plage \u00e0 \u20ac330 par personne<\/p>\n","protected":false},"author":1,"featured_media":4758,"comment_status":"closed","ping_status":"closed","sticky":false,"template":"","format":"standard","meta":{"_acf_changed":false,"footnotes":""},"categories":[21,22],"tags":[27],"class_list":["post-4748","post","type-post","status-publish","format-standard","has-post-thumbnail","hentry","category-offres","category-offres-principales","tag-offres-pour-les-cyclistes"],"acf":[],"yoast_head":"<!-- This site is optimized with the Yoast SEO plugin v28.4 - https:\/\/yoast.com\/product\/yoast-seo-wordpress\/ -->\n<title>Cycloturisme + Plage - Sp\u00e9cial Septembre - Acacia Hotel Cesenatico<\/title>\n<meta name=\"robots\" content=\"index, follow, max-snippet:-1, max-image-preview:large, max-video-preview:-1\" \/>\n<link rel=\"canonical\" href=\"https:\/\/www.hotelacacia.it\/fr\/offres\/cycloturisme-plage-septembre\/\" \/>\n<meta property=\"og:locale\" content=\"fr_FR\" \/>\n<meta property=\"og:type\" content=\"article\" \/>\n<meta property=\"og:title\" content=\"Cycloturisme + Plage - Sp\u00e9cial Septembre - Acacia Hotel Cesenatico\" \/>\n<meta property=\"og:description\" content=\"du 12 au 19 Septembre: 7 jours cyclotourisme en pension compl\u00e8te + service plage \u00e0 \u20ac330 par personne\" \/>\n<meta property=\"og:url\" content=\"https:\/\/www.hotelacacia.it\/fr\/offres\/cycloturisme-plage-septembre\/\" \/>\n<meta property=\"og:site_name\" content=\"Acacia Hotel Cesenatico\" \/>\n<meta property=\"article:published_time\" content=\"2026-05-20T09:42:39+00:00\" \/>\n<meta property=\"article:modified_time\" content=\"2026-05-20T09:55:51+00:00\" \/>\n<meta property=\"og:image\" content=\"https:\/\/www.hotelacacia.it\/wp-content\/uploads\/2026\/05\/Cicloturismo-spiaggia.jpg\" \/>\n\t<meta property=\"og:image:width\" content=\"1680\" \/>\n\t<meta property=\"og:image:height\" content=\"945\" \/>\n\t<meta property=\"og:image:type\" content=\"image\/jpeg\" \/>\n<meta name=\"author\" content=\"hotelacacia\" \/>\n<meta name=\"twitter:card\" content=\"summary_large_image\" \/>\n<meta name=\"twitter:label1\" content=\"\u00c9crit par\" \/>\n\t<meta name=\"twitter:data1\" content=\"hotelacacia\" \/>\n\t<meta name=\"twitter:label2\" content=\"Dur\u00e9e de lecture estim\u00e9e\" \/>\n\t<meta name=\"twitter:data2\" content=\"2 minutes\" \/>\n<script type=\"application\/ld+json\" class=\"yoast-schema-graph\">{\"@context\":\"https:\\\/\\\/schema.org\",\"@graph\":[{\"@type\":\"Article\",\"@id\":\"https:\\\/\\\/www.hotelacacia.it\\\/fr\\\/offres\\\/cycloturisme-plage-septembre\\\/#article\",\"isPartOf\":{\"@id\":\"https:\\\/\\\/www.hotelacacia.it\\\/fr\\\/offres\\\/cycloturisme-plage-septembre\\\/\"},\"author\":{\"name\":\"hotelacacia\",\"@id\":\"https:\\\/\\\/www.hotelacacia.it\\\/#\\\/schema\\\/person\\\/e338422f1d6d5b4de81357f49eb925fc\"},\"headline\":\"Cycloturisme + Plage &#8211; Sp\u00e9cial Septembre\",\"datePublished\":\"2026-05-20T09:42:39+00:00\",\"dateModified\":\"2026-05-20T09:55:51+00:00\",\"mainEntityOfPage\":{\"@id\":\"https:\\\/\\\/www.hotelacacia.it\\\/fr\\\/offres\\\/cycloturisme-plage-septembre\\\/\"},\"wordCount\":297,\"publisher\":{\"@id\":\"https:\\\/\\\/www.hotelacacia.it\\\/#organization\"},\"image\":{\"@id\":\"https:\\\/\\\/www.hotelacacia.it\\\/fr\\\/offres\\\/cycloturisme-plage-septembre\\\/#primaryimage\"},\"thumbnailUrl\":\"https:\\\/\\\/www.hotelacacia.it\\\/wp-content\\\/uploads\\\/2026\\\/05\\\/Cicloturismo-spiaggia.jpg\",\"keywords\":[\"Offres pour les cyclistes\"],\"articleSection\":[\"Offres\",\"Offres principales\"],\"inLanguage\":\"fr-FR\"},{\"@type\":\"WebPage\",\"@id\":\"https:\\\/\\\/www.hotelacacia.it\\\/fr\\\/offres\\\/cycloturisme-plage-septembre\\\/\",\"url\":\"https:\\\/\\\/www.hotelacacia.it\\\/fr\\\/offres\\\/cycloturisme-plage-septembre\\\/\",\"name\":\"Cycloturisme + Plage - Sp\u00e9cial Septembre - Acacia Hotel Cesenatico\",\"isPartOf\":{\"@id\":\"https:\\\/\\\/www.hotelacacia.it\\\/#website\"},\"primaryImageOfPage\":{\"@id\":\"https:\\\/\\\/www.hotelacacia.it\\\/fr\\\/offres\\\/cycloturisme-plage-septembre\\\/#primaryimage\"},\"image\":{\"@id\":\"https:\\\/\\\/www.hotelacacia.it\\\/fr\\\/offres\\\/cycloturisme-plage-septembre\\\/#primaryimage\"},\"thumbnailUrl\":\"https:\\\/\\\/www.hotelacacia.it\\\/wp-content\\\/uploads\\\/2026\\\/05\\\/Cicloturismo-spiaggia.jpg\",\"datePublished\":\"2026-05-20T09:42:39+00:00\",\"dateModified\":\"2026-05-20T09:55:51+00:00\",\"breadcrumb\":{\"@id\":\"https:\\\/\\\/www.hotelacacia.it\\\/fr\\\/offres\\\/cycloturisme-plage-septembre\\\/#breadcrumb\"},\"inLanguage\":\"fr-FR\",\"potentialAction\":[{\"@type\":\"ReadAction\",\"target\":[\"https:\\\/\\\/www.hotelacacia.it\\\/fr\\\/offres\\\/cycloturisme-plage-septembre\\\/\"]}]},{\"@type\":\"ImageObject\",\"inLanguage\":\"fr-FR\",\"@id\":\"https:\\\/\\\/www.hotelacacia.it\\\/fr\\\/offres\\\/cycloturisme-plage-septembre\\\/#primaryimage\",\"url\":\"https:\\\/\\\/www.hotelacacia.it\\\/wp-content\\\/uploads\\\/2026\\\/05\\\/Cicloturismo-spiaggia.jpg\",\"contentUrl\":\"https:\\\/\\\/www.hotelacacia.it\\\/wp-content\\\/uploads\\\/2026\\\/05\\\/Cicloturismo-spiaggia.jpg\",\"width\":1680,\"height\":945},{\"@type\":\"BreadcrumbList\",\"@id\":\"https:\\\/\\\/www.hotelacacia.it\\\/fr\\\/offres\\\/cycloturisme-plage-septembre\\\/#breadcrumb\",\"itemListElement\":[{\"@type\":\"ListItem\",\"position\":1,\"name\":\"Home\",\"item\":\"https:\\\/\\\/www.hotelacacia.it\\\/fr\\\/\"},{\"@type\":\"ListItem\",\"position\":2,\"name\":\"Cycloturisme + Plage &#8211; Sp\u00e9cial Septembre\"}]},{\"@type\":\"WebSite\",\"@id\":\"https:\\\/\\\/www.hotelacacia.it\\\/#website\",\"url\":\"https:\\\/\\\/www.hotelacacia.it\\\/\",\"name\":\"Acacia Hotel Cesenatico\",\"description\":\"Hotel 3 stelle a Cesenatico\",\"publisher\":{\"@id\":\"https:\\\/\\\/www.hotelacacia.it\\\/#organization\"},\"potentialAction\":[{\"@type\":\"SearchAction\",\"target\":{\"@type\":\"EntryPoint\",\"urlTemplate\":\"https:\\\/\\\/www.hotelacacia.it\\\/?s={search_term_string}\"},\"query-input\":{\"@type\":\"PropertyValueSpecification\",\"valueRequired\":true,\"valueName\":\"search_term_string\"}}],\"inLanguage\":\"fr-FR\"},{\"@type\":\"Organization\",\"@id\":\"https:\\\/\\\/www.hotelacacia.it\\\/#organization\",\"name\":\"Hotel Acacia Cesenatico\",\"url\":\"https:\\\/\\\/www.hotelacacia.it\\\/\",\"logo\":{\"@type\":\"ImageObject\",\"inLanguage\":\"fr-FR\",\"@id\":\"https:\\\/\\\/www.hotelacacia.it\\\/#\\\/schema\\\/logo\\\/image\\\/\",\"url\":\"https:\\\/\\\/www.hotelacacia.it\\\/acacia\\\/wp-content\\\/uploads\\\/2015\\\/11\\\/logo-hotel-acacia-quadrato.png\",\"contentUrl\":\"https:\\\/\\\/www.hotelacacia.it\\\/acacia\\\/wp-content\\\/uploads\\\/2015\\\/11\\\/logo-hotel-acacia-quadrato.png\",\"width\":230,\"height\":230,\"caption\":\"Hotel Acacia Cesenatico\"},\"image\":{\"@id\":\"https:\\\/\\\/www.hotelacacia.it\\\/#\\\/schema\\\/logo\\\/image\\\/\"}},{\"@type\":\"Person\",\"@id\":\"https:\\\/\\\/www.hotelacacia.it\\\/#\\\/schema\\\/person\\\/e338422f1d6d5b4de81357f49eb925fc\",\"name\":\"hotelacacia\",\"image\":{\"@type\":\"ImageObject\",\"inLanguage\":\"fr-FR\",\"@id\":\"https:\\\/\\\/secure.gravatar.com\\\/avatar\\\/ba22bc83a6c184751c64dc24220bd0265121e4b79bea4cb1dab411a2d4b0aee8?s=96&d=mm&r=g\",\"url\":\"https:\\\/\\\/secure.gravatar.com\\\/avatar\\\/ba22bc83a6c184751c64dc24220bd0265121e4b79bea4cb1dab411a2d4b0aee8?s=96&d=mm&r=g\",\"contentUrl\":\"https:\\\/\\\/secure.gravatar.com\\\/avatar\\\/ba22bc83a6c184751c64dc24220bd0265121e4b79bea4cb1dab411a2d4b0aee8?s=96&d=mm&r=g\",\"caption\":\"hotelacacia\"}}]}<\/script>\n<!-- \/ Yoast SEO plugin. -->","yoast_head_json":{"title":"Cycloturisme + Plage - Sp\u00e9cial Septembre - Acacia Hotel Cesenatico","robots":{"index":"index","follow":"follow","max-snippet":"max-snippet:-1","max-image-preview":"max-image-preview:large","max-video-preview":"max-video-preview:-1"},"canonical":"https:\/\/www.hotelacacia.it\/fr\/offres\/cycloturisme-plage-septembre\/","og_locale":"fr_FR","og_type":"article","og_title":"Cycloturisme + Plage - Sp\u00e9cial Septembre - Acacia Hotel Cesenatico","og_description":"du 12 au 19 Septembre: 7 jours cyclotourisme en pension compl\u00e8te + service plage \u00e0 \u20ac330 par personne","og_url":"https:\/\/www.hotelacacia.it\/fr\/offres\/cycloturisme-plage-septembre\/","og_site_name":"Acacia Hotel Cesenatico","article_published_time":"2026-05-20T09:42:39+00:00","article_modified_time":"2026-05-20T09:55:51+00:00","og_image":[{"width":1680,"height":945,"url":"https:\/\/www.hotelacacia.it\/wp-content\/uploads\/2026\/05\/Cicloturismo-spiaggia.jpg","type":"image\/jpeg"}],"author":"hotelacacia","twitter_card":"summary_large_image","twitter_misc":{"\u00c9crit par":"hotelacacia","Dur\u00e9e de lecture estim\u00e9e":"2 minutes"},"schema":{"@context":"https:\/\/schema.org","@graph":[{"@type":"Article","@id":"https:\/\/www.hotelacacia.it\/fr\/offres\/cycloturisme-plage-septembre\/#article","isPartOf":{"@id":"https:\/\/www.hotelacacia.it\/fr\/offres\/cycloturisme-plage-septembre\/"},"author":{"name":"hotelacacia","@id":"https:\/\/www.hotelacacia.it\/#\/schema\/person\/e338422f1d6d5b4de81357f49eb925fc"},"headline":"Cycloturisme + Plage &#8211; Sp\u00e9cial Septembre","datePublished":"2026-05-20T09:42:39+00:00","dateModified":"2026-05-20T09:55:51+00:00","mainEntityOfPage":{"@id":"https:\/\/www.hotelacacia.it\/fr\/offres\/cycloturisme-plage-septembre\/"},"wordCount":297,"publisher":{"@id":"https:\/\/www.hotelacacia.it\/#organization"},"image":{"@id":"https:\/\/www.hotelacacia.it\/fr\/offres\/cycloturisme-plage-septembre\/#primaryimage"},"thumbnailUrl":"https:\/\/www.hotelacacia.it\/wp-content\/uploads\/2026\/05\/Cicloturismo-spiaggia.jpg","keywords":["Offres pour les cyclistes"],"articleSection":["Offres","Offres principales"],"inLanguage":"fr-FR"},{"@type":"WebPage","@id":"https:\/\/www.hotelacacia.it\/fr\/offres\/cycloturisme-plage-septembre\/","url":"https:\/\/www.hotelacacia.it\/fr\/offres\/cycloturisme-plage-septembre\/","name":"Cycloturisme + Plage - Sp\u00e9cial Septembre - Acacia Hotel Cesenatico","isPartOf":{"@id":"https:\/\/www.hotelacacia.it\/#website"},"primaryImageOfPage":{"@id":"https:\/\/www.hotelacacia.it\/fr\/offres\/cycloturisme-plage-septembre\/#primaryimage"},"image":{"@id":"https:\/\/www.hotelacacia.it\/fr\/offres\/cycloturisme-plage-septembre\/#primaryimage"},"thumbnailUrl":"https:\/\/www.hotelacacia.it\/wp-content\/uploads\/2026\/05\/Cicloturismo-spiaggia.jpg","datePublished":"2026-05-20T09:42:39+00:00","dateModified":"2026-05-20T09:55:51+00:00","breadcrumb":{"@id":"https:\/\/www.hotelacacia.it\/fr\/offres\/cycloturisme-plage-septembre\/#breadcrumb"},"inLanguage":"fr-FR","potentialAction":[{"@type":"ReadAction","target":["https:\/\/www.hotelacacia.it\/fr\/offres\/cycloturisme-plage-septembre\/"]}]},{"@type":"ImageObject","inLanguage":"fr-FR","@id":"https:\/\/www.hotelacacia.it\/fr\/offres\/cycloturisme-plage-septembre\/#primaryimage","url":"https:\/\/www.hotelacacia.it\/wp-content\/uploads\/2026\/05\/Cicloturismo-spiaggia.jpg","contentUrl":"https:\/\/www.hotelacacia.it\/wp-content\/uploads\/2026\/05\/Cicloturismo-spiaggia.jpg","width":1680,"height":945},{"@type":"BreadcrumbList","@id":"https:\/\/www.hotelacacia.it\/fr\/offres\/cycloturisme-plage-septembre\/#breadcrumb","itemListElement":[{"@type":"ListItem","position":1,"name":"Home","item":"https:\/\/www.hotelacacia.it\/fr\/"},{"@type":"ListItem","position":2,"name":"Cycloturisme + Plage &#8211; Sp\u00e9cial Septembre"}]},{"@type":"WebSite","@id":"https:\/\/www.hotelacacia.it\/#website","url":"https:\/\/www.hotelacacia.it\/","name":"Acacia Hotel Cesenatico","description":"Hotel 3 stelle a Cesenatico","publisher":{"@id":"https:\/\/www.hotelacacia.it\/#organization"},"potentialAction":[{"@type":"SearchAction","target":{"@type":"EntryPoint","urlTemplate":"https:\/\/www.hotelacacia.it\/?s={search_term_string}"},"query-input":{"@type":"PropertyValueSpecification","valueRequired":true,"valueName":"search_term_string"}}],"inLanguage":"fr-FR"},{"@type":"Organization","@id":"https:\/\/www.hotelacacia.it\/#organization","name":"Hotel Acacia Cesenatico","url":"https:\/\/www.hotelacacia.it\/","logo":{"@type":"ImageObject","inLanguage":"fr-FR","@id":"https:\/\/www.hotelacacia.it\/#\/schema\/logo\/image\/","url":"https:\/\/www.hotelacacia.it\/acacia\/wp-content\/uploads\/2015\/11\/logo-hotel-acacia-quadrato.png","contentUrl":"https:\/\/www.hotelacacia.it\/acacia\/wp-content\/uploads\/2015\/11\/logo-hotel-acacia-quadrato.png","width":230,"height":230,"caption":"Hotel Acacia Cesenatico"},"image":{"@id":"https:\/\/www.hotelacacia.it\/#\/schema\/logo\/image\/"}},{"@type":"Person","@id":"https:\/\/www.hotelacacia.it\/#\/schema\/person\/e338422f1d6d5b4de81357f49eb925fc","name":"hotelacacia","image":{"@type":"ImageObject","inLanguage":"fr-FR","@id":"https:\/\/secure.gravatar.com\/avatar\/ba22bc83a6c184751c64dc24220bd0265121e4b79bea4cb1dab411a2d4b0aee8?s=96&d=mm&r=g","url":"https:\/\/secure.gravatar.com\/avatar\/ba22bc83a6c184751c64dc24220bd0265121e4b79bea4cb1dab411a2d4b0aee8?s=96&d=mm&r=g","contentUrl":"https:\/\/secure.gravatar.com\/avatar\/ba22bc83a6c184751c64dc24220bd0265121e4b79bea4cb1dab411a2d4b0aee8?s=96&d=mm&r=g","caption":"hotelacacia"}}]}},"publishpress_future_action":{"enabled":true,"date":"2026-09-12 11:28:00","action":"change-status","newStatus":"draft","terms":[0],"taxonomy":"category","extraData":[]},"publishpress_future_workflow_manual_trigger":{"enabledWorkflows":[]},"_links":{"self":[{"href":"https:\/\/www.hotelacacia.it\/fr\/wp-json\/wp\/v2\/posts\/4748","targetHints":{"allow":["GET"]}}],"collection":[{"href":"https:\/\/www.hotelacacia.it\/fr\/wp-json\/wp\/v2\/posts"}],"about":[{"href":"https:\/\/www.hotelacacia.it\/fr\/wp-json\/wp\/v2\/types\/post"}],"author":[{"embeddable":true,"href":"https:\/\/www.hotelacacia.it\/fr\/wp-json\/wp\/v2\/users\/1"}],"replies":[{"embeddable":true,"href":"https:\/\/www.hotelacacia.it\/fr\/wp-json\/wp\/v2\/comments?post=4748"}],"version-history":[{"count":3,"href":"https:\/\/www.hotelacacia.it\/fr\/wp-json\/wp\/v2\/posts\/4748\/revisions"}],"predecessor-version":[{"id":4763,"href":"https:\/\/www.hotelacacia.it\/fr\/wp-json\/wp\/v2\/posts\/4748\/revisions\/4763"}],"wp:featuredmedia":[{"embeddable":true,"href":"https:\/\/www.hotelacacia.it\/fr\/wp-json\/wp\/v2\/media\/4758"}],"wp:attachment":[{"href":"https:\/\/www.hotelacacia.it\/fr\/wp-json\/wp\/v2\/media?parent=4748"}],"wp:term":[{"taxonomy":"category","embeddable":true,"href":"https:\/\/www.hotelacacia.it\/fr\/wp-json\/wp\/v2\/categories?post=4748"},{"taxonomy":"post_tag","embeddable":true,"href":"https:\/\/www.hotelacacia.it\/fr\/wp-json\/wp\/v2\/tags?post=4748"}],"curies":[{"name":"wp","href":"https:\/\/api.w.org\/{rel}","templated":true}]}}